{"id":3989,"date":"2025-03-27T16:46:37","date_gmt":"2025-03-27T14:46:37","guid":{"rendered":"https:\/\/www.loeffler.lu\/fachschulung-zur-brandmeldetechnik-bei-honeywell-in-neuss\/"},"modified":"2025-03-27T17:01:40","modified_gmt":"2025-03-27T15:01:40","slug":"fachschulung-zur-brandmeldetechnik-bei-honeywell-in-neuss","status":"publish","type":"post","link":"https:\/\/www.loeffler.lu\/fr\/fachschulung-zur-brandmeldetechnik-bei-honeywell-in-neuss\/","title":{"rendered":"Fachschulung zur Brandmeldetechnik bei Honeywell in Neuss"},"content":{"rendered":"\n<p>Ein Teammitglied von L\u00f6ffler Security Systems hat k\u00fcrzlich eine zweit\u00e4gige intensive Schulung im Hauptsitz von Honeywell Security &amp; Fire Products in Neuss absolviert. Im Mittelpunkt stand dabei die moderne Brandmeldetechnik der Marke Esser \u2013 einem der f\u00fchrenden Anbieter im Bereich intelligenter Sicherheits- und Brandschutzl\u00f6sungen.<\/p>\n\n\n\n<p>Die Weiterbildung umfasste sowohl theoretische Grundlagen als auch praxisorientierte Anwendungen der aktuellen Brandmeldesysteme von Esser. Besonderes Augenmerk lag auf der Konfiguration, Installation und Wartung von Brandmeldern, Rauchmeldern, Funk-Rauchmeldern und zentralen Steuerungseinheiten f\u00fcr vernetzte Brandmeldesysteme.<\/p>\n\n\n\n<p>Dank dieser Schulung ist das Team von L\u00f6ffler Security Systems nun noch besser aufgestellt, um Projekte mit hoher Fachkompetenz zu begleiten \u2013 von der Planung \u00fcber die Umsetzung bis hin zur Inbetriebnahme von ma\u00dfgeschneiderten Brandschutzanlagen.<\/p>\n\n\n\n<p>Ob in Schulen, Kinderg\u00e4rten, Lagerhallen, B\u00fcrogeb\u00e4uden oder Wohnanlagen \u2013 L\u00f6ffler Security Systems bietet individuelle, technisch fundierte Brandschutzl\u00f6sungen, die h\u00f6chsten Sicherheitsstandards entsprechen und exakt auf die jeweiligen Anforderungen zugeschnitten sind.<\/p>\n\n\n\n<p>Mit diesem erweiterten Know-how unterstreichen wir unsere Position als zuverl\u00e4ssiger Partner im Bereich Brandfr\u00fcherkennung, Einbruchschutz und ganzheitlicher Sicherheitstechnik \u2013 f\u00fcr gewerbliche, \u00f6ffentliche und private Objekte.<\/p>\n","protected":false},"excerpt":{"rendered":"<p>Ein Teammitglied von L\u00f6ffler Security Systems hat k\u00fcrzlich eine zweit\u00e4gige intensive Schulung im Hauptsitz von Honeywell Security &amp; Fire Products in Neuss absolviert. Im Mittelpunkt stand dabei die moderne Brandmeldetechnik der Marke Esser \u2013 einem der f\u00fchrenden Anbieter im Bereich intelligenter Sicherheits- und Brandschutzl\u00f6sungen. Die Weiterbildung umfasste sowohl theoretische Grundlagen als auch praxisorientierte Anwendungen der [&hellip;]<\/p>\n","protected":false},"author":4,"featured_media":3987,"comment_status":"open","ping_status":"open","sticky":false,"template":"","format":"standard","meta":{"_acf_changed":false,"inline_featured_image":false,"footnotes":""},"categories":[17],"tags":[62,39,38,40,37],"class_list":["post-3989","post","type-post","status-publish","format-standard","has-post-thumbnail","hentry","category-non-classifiee","tag-esser-fr","tag-loeffler-security-systems-fr","tag-luxembourg-fr","tag-protection-incendie","tag-securite"],"acf":[],"yoast_head":"<!-- This site is optimized with the Yoast SEO plugin v26.5 - https:\/\/yoast.com\/wordpress\/plugins\/seo\/ -->\n<title>Fachschulung zur Brandmeldetechnik bei Honeywell in Neuss - L\u00f6ffler<\/title>\n<meta name=\"robots\" content=\"index, follow, max-snippet:-1, max-image-preview:large, max-video-preview:-1\" \/>\n<link rel=\"canonical\" href=\"https:\/\/www.loeffler.lu\/fr\/fachschulung-zur-brandmeldetechnik-bei-honeywell-in-neuss\/\" \/>\n<meta property=\"og:locale\" content=\"fr_FR\" \/>\n<meta property=\"og:type\" content=\"article\" \/>\n<meta property=\"og:title\" content=\"Fachschulung zur Brandmeldetechnik bei Honeywell in Neuss - L\u00f6ffler\" \/>\n<meta property=\"og:description\" content=\"Ein Teammitglied von L\u00f6ffler Security Systems hat k\u00fcrzlich eine zweit\u00e4gige intensive Schulung im Hauptsitz von Honeywell Security &amp; Fire Products in Neuss absolviert. Im Mittelpunkt stand dabei die moderne Brandmeldetechnik der Marke Esser \u2013 einem der f\u00fchrenden Anbieter im Bereich intelligenter Sicherheits- und Brandschutzl\u00f6sungen. Die Weiterbildung umfasste sowohl theoretische Grundlagen als auch praxisorientierte Anwendungen der [&hellip;]\" \/>\n<meta property=\"og:url\" content=\"https:\/\/www.loeffler.lu\/fr\/fachschulung-zur-brandmeldetechnik-bei-honeywell-in-neuss\/\" \/>\n<meta property=\"og:site_name\" content=\"L\u00f6ffler\" \/>\n<meta property=\"article:publisher\" content=\"https:\/\/www.facebook.com\/loeffler.alarm\" \/>\n<meta property=\"article:published_time\" content=\"2025-03-27T14:46:37+00:00\" \/>\n<meta property=\"article:modified_time\" content=\"2025-03-27T15:01:40+00:00\" \/>\n<meta property=\"og:image\" content=\"https:\/\/www.loeffler.lu\/wp-content\/uploads\/2025\/03\/474758073_1140274648103932_6043897449362409630_n.jpg\" \/>\n\t<meta property=\"og:image:width\" content=\"2048\" \/>\n\t<meta property=\"og:image:height\" content=\"2048\" \/>\n\t<meta property=\"og:image:type\" content=\"image\/jpeg\" \/>\n<meta name=\"author\" content=\"hype\" \/>\n<meta name=\"twitter:card\" content=\"summary_large_image\" \/>\n<meta name=\"twitter:label1\" content=\"\u00c9crit par\" \/>\n\t<meta name=\"twitter:data1\" content=\"hype\" \/>\n\t<meta name=\"twitter:label2\" content=\"Dur\u00e9e de lecture estim\u00e9e\" \/>\n\t<meta name=\"twitter:data2\" content=\"1 minute\" \/>\n<script type=\"application\/ld+json\" class=\"yoast-schema-graph\">{\"@context\":\"https:\/\/schema.org\",\"@graph\":[{\"@type\":\"Article\",\"@id\":\"https:\/\/www.loeffler.lu\/fr\/fachschulung-zur-brandmeldetechnik-bei-honeywell-in-neuss\/#article\",\"isPartOf\":{\"@id\":\"https:\/\/www.loeffler.lu\/fr\/fachschulung-zur-brandmeldetechnik-bei-honeywell-in-neuss\/\"},\"author\":{\"name\":\"hype\",\"@id\":\"https:\/\/www.loeffler.lu\/fr\/#\/schema\/person\/234168d88762c2760543a82ebd3112e9\"},\"headline\":\"Fachschulung zur Brandmeldetechnik bei Honeywell in Neuss\",\"datePublished\":\"2025-03-27T14:46:37+00:00\",\"dateModified\":\"2025-03-27T15:01:40+00:00\",\"mainEntityOfPage\":{\"@id\":\"https:\/\/www.loeffler.lu\/fr\/fachschulung-zur-brandmeldetechnik-bei-honeywell-in-neuss\/\"},\"wordCount\":187,\"commentCount\":0,\"publisher\":{\"@id\":\"https:\/\/www.loeffler.lu\/fr\/#organization\"},\"image\":{\"@id\":\"https:\/\/www.loeffler.lu\/fr\/fachschulung-zur-brandmeldetechnik-bei-honeywell-in-neuss\/#primaryimage\"},\"thumbnailUrl\":\"https:\/\/www.loeffler.lu\/wp-content\/uploads\/2025\/03\/474758073_1140274648103932_6043897449362409630_n.jpg\",\"keywords\":[\"Esser\",\"L\u00f6ffler Security Systems\",\"Luxembourg\",\"protection incendie\",\"s\u00e9curit\u00e9\"],\"articleSection\":[\"Non classifi\u00e9(e)\"],\"inLanguage\":\"fr-FR\",\"potentialAction\":[{\"@type\":\"CommentAction\",\"name\":\"Comment\",\"target\":[\"https:\/\/www.loeffler.lu\/fr\/fachschulung-zur-brandmeldetechnik-bei-honeywell-in-neuss\/#respond\"]}]},{\"@type\":\"WebPage\",\"@id\":\"https:\/\/www.loeffler.lu\/fr\/fachschulung-zur-brandmeldetechnik-bei-honeywell-in-neuss\/\",\"url\":\"https:\/\/www.loeffler.lu\/fr\/fachschulung-zur-brandmeldetechnik-bei-honeywell-in-neuss\/\",\"name\":\"Fachschulung zur Brandmeldetechnik bei Honeywell in Neuss - L\u00f6ffler\",\"isPartOf\":{\"@id\":\"https:\/\/www.loeffler.lu\/fr\/#website\"},\"primaryImageOfPage\":{\"@id\":\"https:\/\/www.loeffler.lu\/fr\/fachschulung-zur-brandmeldetechnik-bei-honeywell-in-neuss\/#primaryimage\"},\"image\":{\"@id\":\"https:\/\/www.loeffler.lu\/fr\/fachschulung-zur-brandmeldetechnik-bei-honeywell-in-neuss\/#primaryimage\"},\"thumbnailUrl\":\"https:\/\/www.loeffler.lu\/wp-content\/uploads\/2025\/03\/474758073_1140274648103932_6043897449362409630_n.jpg\",\"datePublished\":\"2025-03-27T14:46:37+00:00\",\"dateModified\":\"2025-03-27T15:01:40+00:00\",\"breadcrumb\":{\"@id\":\"https:\/\/www.loeffler.lu\/fr\/fachschulung-zur-brandmeldetechnik-bei-honeywell-in-neuss\/#breadcrumb\"},\"inLanguage\":\"fr-FR\",\"potentialAction\":[{\"@type\":\"ReadAction\",\"target\":[\"https:\/\/www.loeffler.lu\/fr\/fachschulung-zur-brandmeldetechnik-bei-honeywell-in-neuss\/\"]}]},{\"@type\":\"ImageObject\",\"inLanguage\":\"fr-FR\",\"@id\":\"https:\/\/www.loeffler.lu\/fr\/fachschulung-zur-brandmeldetechnik-bei-honeywell-in-neuss\/#primaryimage\",\"url\":\"https:\/\/www.loeffler.lu\/wp-content\/uploads\/2025\/03\/474758073_1140274648103932_6043897449362409630_n.jpg\",\"contentUrl\":\"https:\/\/www.loeffler.lu\/wp-content\/uploads\/2025\/03\/474758073_1140274648103932_6043897449362409630_n.jpg\",\"width\":2048,\"height\":2048},{\"@type\":\"BreadcrumbList\",\"@id\":\"https:\/\/www.loeffler.lu\/fr\/fachschulung-zur-brandmeldetechnik-bei-honeywell-in-neuss\/#breadcrumb\",\"itemListElement\":[{\"@type\":\"ListItem\",\"position\":1,\"name\":\"Startseite\",\"item\":\"https:\/\/www.loeffler.lu\/fr\/\"},{\"@type\":\"ListItem\",\"position\":2,\"name\":\"Fachschulung zur Brandmeldetechnik bei Honeywell in Neuss\"}]},{\"@type\":\"WebSite\",\"@id\":\"https:\/\/www.loeffler.lu\/fr\/#website\",\"url\":\"https:\/\/www.loeffler.lu\/fr\/\",\"name\":\"L\u00f6ffler\",\"description\":\"Sicherheit in jeder Situation - Alarmanlagen, Video\u00fcberwachung, Brandschutz und mehr.\",\"publisher\":{\"@id\":\"https:\/\/www.loeffler.lu\/fr\/#organization\"},\"potentialAction\":[{\"@type\":\"SearchAction\",\"target\":{\"@type\":\"EntryPoint\",\"urlTemplate\":\"https:\/\/www.loeffler.lu\/fr\/?s={search_term_string}\"},\"query-input\":{\"@type\":\"PropertyValueSpecification\",\"valueRequired\":true,\"valueName\":\"search_term_string\"}}],\"inLanguage\":\"fr-FR\"},{\"@type\":\"Organization\",\"@id\":\"https:\/\/www.loeffler.lu\/fr\/#organization\",\"name\":\"L\u00f6ffler\",\"url\":\"https:\/\/www.loeffler.lu\/fr\/\",\"logo\":{\"@type\":\"ImageObject\",\"inLanguage\":\"fr-FR\",\"@id\":\"https:\/\/www.loeffler.lu\/fr\/#\/schema\/logo\/image\/\",\"url\":\"https:\/\/www.loeffler.lu\/wp-content\/uploads\/2024\/09\/Logo-Loeffler-Security-Systems-300x138-2.png\",\"contentUrl\":\"https:\/\/www.loeffler.lu\/wp-content\/uploads\/2024\/09\/Logo-Loeffler-Security-Systems-300x138-2.png\",\"width\":300,\"height\":138,\"caption\":\"L\u00f6ffler\"},\"image\":{\"@id\":\"https:\/\/www.loeffler.lu\/fr\/#\/schema\/logo\/image\/\"},\"sameAs\":[\"https:\/\/www.facebook.com\/loeffler.alarm\"]},{\"@type\":\"Person\",\"@id\":\"https:\/\/www.loeffler.lu\/fr\/#\/schema\/person\/234168d88762c2760543a82ebd3112e9\",\"name\":\"hype\",\"image\":{\"@type\":\"ImageObject\",\"inLanguage\":\"fr-FR\",\"@id\":\"https:\/\/www.loeffler.lu\/fr\/#\/schema\/person\/image\/\",\"url\":\"https:\/\/secure.gravatar.com\/avatar\/ca5628a388ea604ce6df00fb66772dc673b490d3dd7c912db6bbc9707fe0689f?s=96&d=mm&r=g\",\"contentUrl\":\"https:\/\/secure.gravatar.com\/avatar\/ca5628a388ea604ce6df00fb66772dc673b490d3dd7c912db6bbc9707fe0689f?s=96&d=mm&r=g\",\"caption\":\"hype\"},\"url\":\"https:\/\/www.loeffler.lu\/fr\/author\/hype\/\"}]}<\/script>\n<!-- \/ Yoast SEO plugin. -->","yoast_head_json":{"title":"Fachschulung zur Brandmeldetechnik bei Honeywell in Neuss - L\u00f6ffler","robots":{"index":"index","follow":"follow","max-snippet":"max-snippet:-1","max-image-preview":"max-image-preview:large","max-video-preview":"max-video-preview:-1"},"canonical":"https:\/\/www.loeffler.lu\/fr\/fachschulung-zur-brandmeldetechnik-bei-honeywell-in-neuss\/","og_locale":"fr_FR","og_type":"article","og_title":"Fachschulung zur Brandmeldetechnik bei Honeywell in Neuss - L\u00f6ffler","og_description":"Ein Teammitglied von L\u00f6ffler Security Systems hat k\u00fcrzlich eine zweit\u00e4gige intensive Schulung im Hauptsitz von Honeywell Security &amp; Fire Products in Neuss absolviert. Im Mittelpunkt stand dabei die moderne Brandmeldetechnik der Marke Esser \u2013 einem der f\u00fchrenden Anbieter im Bereich intelligenter Sicherheits- und Brandschutzl\u00f6sungen. Die Weiterbildung umfasste sowohl theoretische Grundlagen als auch praxisorientierte Anwendungen der [&hellip;]","og_url":"https:\/\/www.loeffler.lu\/fr\/fachschulung-zur-brandmeldetechnik-bei-honeywell-in-neuss\/","og_site_name":"L\u00f6ffler","article_publisher":"https:\/\/www.facebook.com\/loeffler.alarm","article_published_time":"2025-03-27T14:46:37+00:00","article_modified_time":"2025-03-27T15:01:40+00:00","og_image":[{"width":2048,"height":2048,"url":"https:\/\/www.loeffler.lu\/wp-content\/uploads\/2025\/03\/474758073_1140274648103932_6043897449362409630_n.jpg","type":"image\/jpeg"}],"author":"hype","twitter_card":"summary_large_image","twitter_misc":{"\u00c9crit par":"hype","Dur\u00e9e de lecture estim\u00e9e":"1 minute"},"schema":{"@context":"https:\/\/schema.org","@graph":[{"@type":"Article","@id":"https:\/\/www.loeffler.lu\/fr\/fachschulung-zur-brandmeldetechnik-bei-honeywell-in-neuss\/#article","isPartOf":{"@id":"https:\/\/www.loeffler.lu\/fr\/fachschulung-zur-brandmeldetechnik-bei-honeywell-in-neuss\/"},"author":{"name":"hype","@id":"https:\/\/www.loeffler.lu\/fr\/#\/schema\/person\/234168d88762c2760543a82ebd3112e9"},"headline":"Fachschulung zur Brandmeldetechnik bei Honeywell in Neuss","datePublished":"2025-03-27T14:46:37+00:00","dateModified":"2025-03-27T15:01:40+00:00","mainEntityOfPage":{"@id":"https:\/\/www.loeffler.lu\/fr\/fachschulung-zur-brandmeldetechnik-bei-honeywell-in-neuss\/"},"wordCount":187,"commentCount":0,"publisher":{"@id":"https:\/\/www.loeffler.lu\/fr\/#organization"},"image":{"@id":"https:\/\/www.loeffler.lu\/fr\/fachschulung-zur-brandmeldetechnik-bei-honeywell-in-neuss\/#primaryimage"},"thumbnailUrl":"https:\/\/www.loeffler.lu\/wp-content\/uploads\/2025\/03\/474758073_1140274648103932_6043897449362409630_n.jpg","keywords":["Esser","L\u00f6ffler Security Systems","Luxembourg","protection incendie","s\u00e9curit\u00e9"],"articleSection":["Non classifi\u00e9(e)"],"inLanguage":"fr-FR","potentialAction":[{"@type":"CommentAction","name":"Comment","target":["https:\/\/www.loeffler.lu\/fr\/fachschulung-zur-brandmeldetechnik-bei-honeywell-in-neuss\/#respond"]}]},{"@type":"WebPage","@id":"https:\/\/www.loeffler.lu\/fr\/fachschulung-zur-brandmeldetechnik-bei-honeywell-in-neuss\/","url":"https:\/\/www.loeffler.lu\/fr\/fachschulung-zur-brandmeldetechnik-bei-honeywell-in-neuss\/","name":"Fachschulung zur Brandmeldetechnik bei Honeywell in Neuss - L\u00f6ffler","isPartOf":{"@id":"https:\/\/www.loeffler.lu\/fr\/#website"},"primaryImageOfPage":{"@id":"https:\/\/www.loeffler.lu\/fr\/fachschulung-zur-brandmeldetechnik-bei-honeywell-in-neuss\/#primaryimage"},"image":{"@id":"https:\/\/www.loeffler.lu\/fr\/fachschulung-zur-brandmeldetechnik-bei-honeywell-in-neuss\/#primaryimage"},"thumbnailUrl":"https:\/\/www.loeffler.lu\/wp-content\/uploads\/2025\/03\/474758073_1140274648103932_6043897449362409630_n.jpg","datePublished":"2025-03-27T14:46:37+00:00","dateModified":"2025-03-27T15:01:40+00:00","breadcrumb":{"@id":"https:\/\/www.loeffler.lu\/fr\/fachschulung-zur-brandmeldetechnik-bei-honeywell-in-neuss\/#breadcrumb"},"inLanguage":"fr-FR","potentialAction":[{"@type":"ReadAction","target":["https:\/\/www.loeffler.lu\/fr\/fachschulung-zur-brandmeldetechnik-bei-honeywell-in-neuss\/"]}]},{"@type":"ImageObject","inLanguage":"fr-FR","@id":"https:\/\/www.loeffler.lu\/fr\/fachschulung-zur-brandmeldetechnik-bei-honeywell-in-neuss\/#primaryimage","url":"https:\/\/www.loeffler.lu\/wp-content\/uploads\/2025\/03\/474758073_1140274648103932_6043897449362409630_n.jpg","contentUrl":"https:\/\/www.loeffler.lu\/wp-content\/uploads\/2025\/03\/474758073_1140274648103932_6043897449362409630_n.jpg","width":2048,"height":2048},{"@type":"BreadcrumbList","@id":"https:\/\/www.loeffler.lu\/fr\/fachschulung-zur-brandmeldetechnik-bei-honeywell-in-neuss\/#breadcrumb","itemListElement":[{"@type":"ListItem","position":1,"name":"Startseite","item":"https:\/\/www.loeffler.lu\/fr\/"},{"@type":"ListItem","position":2,"name":"Fachschulung zur Brandmeldetechnik bei Honeywell in Neuss"}]},{"@type":"WebSite","@id":"https:\/\/www.loeffler.lu\/fr\/#website","url":"https:\/\/www.loeffler.lu\/fr\/","name":"L\u00f6ffler","description":"Sicherheit in jeder Situation - Alarmanlagen, Video\u00fcberwachung, Brandschutz und mehr.","publisher":{"@id":"https:\/\/www.loeffler.lu\/fr\/#organization"},"potentialAction":[{"@type":"SearchAction","target":{"@type":"EntryPoint","urlTemplate":"https:\/\/www.loeffler.lu\/fr\/?s={search_term_string}"},"query-input":{"@type":"PropertyValueSpecification","valueRequired":true,"valueName":"search_term_string"}}],"inLanguage":"fr-FR"},{"@type":"Organization","@id":"https:\/\/www.loeffler.lu\/fr\/#organization","name":"L\u00f6ffler","url":"https:\/\/www.loeffler.lu\/fr\/","logo":{"@type":"ImageObject","inLanguage":"fr-FR","@id":"https:\/\/www.loeffler.lu\/fr\/#\/schema\/logo\/image\/","url":"https:\/\/www.loeffler.lu\/wp-content\/uploads\/2024\/09\/Logo-Loeffler-Security-Systems-300x138-2.png","contentUrl":"https:\/\/www.loeffler.lu\/wp-content\/uploads\/2024\/09\/Logo-Loeffler-Security-Systems-300x138-2.png","width":300,"height":138,"caption":"L\u00f6ffler"},"image":{"@id":"https:\/\/www.loeffler.lu\/fr\/#\/schema\/logo\/image\/"},"sameAs":["https:\/\/www.facebook.com\/loeffler.alarm"]},{"@type":"Person","@id":"https:\/\/www.loeffler.lu\/fr\/#\/schema\/person\/234168d88762c2760543a82ebd3112e9","name":"hype","image":{"@type":"ImageObject","inLanguage":"fr-FR","@id":"https:\/\/www.loeffler.lu\/fr\/#\/schema\/person\/image\/","url":"https:\/\/secure.gravatar.com\/avatar\/ca5628a388ea604ce6df00fb66772dc673b490d3dd7c912db6bbc9707fe0689f?s=96&d=mm&r=g","contentUrl":"https:\/\/secure.gravatar.com\/avatar\/ca5628a388ea604ce6df00fb66772dc673b490d3dd7c912db6bbc9707fe0689f?s=96&d=mm&r=g","caption":"hype"},"url":"https:\/\/www.loeffler.lu\/fr\/author\/hype\/"}]}},"jetpack_featured_media_url":"https:\/\/www.loeffler.lu\/wp-content\/uploads\/2025\/03\/474758073_1140274648103932_6043897449362409630_n.jpg","_links":{"self":[{"href":"https:\/\/www.loeffler.lu\/fr\/wp-json\/wp\/v2\/posts\/3989","targetHints":{"allow":["GET"]}}],"collection":[{"href":"https:\/\/www.loeffler.lu\/fr\/wp-json\/wp\/v2\/posts"}],"about":[{"href":"https:\/\/www.loeffler.lu\/fr\/wp-json\/wp\/v2\/types\/post"}],"author":[{"embeddable":true,"href":"https:\/\/www.loeffler.lu\/fr\/wp-json\/wp\/v2\/users\/4"}],"replies":[{"embeddable":true,"href":"https:\/\/www.loeffler.lu\/fr\/wp-json\/wp\/v2\/comments?post=3989"}],"version-history":[{"count":1,"href":"https:\/\/www.loeffler.lu\/fr\/wp-json\/wp\/v2\/posts\/3989\/revisions"}],"predecessor-version":[{"id":3991,"href":"https:\/\/www.loeffler.lu\/fr\/wp-json\/wp\/v2\/posts\/3989\/revisions\/3991"}],"wp:featuredmedia":[{"embeddable":true,"href":"https:\/\/www.loeffler.lu\/fr\/wp-json\/wp\/v2\/media\/3987"}],"wp:attachment":[{"href":"https:\/\/www.loeffler.lu\/fr\/wp-json\/wp\/v2\/media?parent=3989"}],"wp:term":[{"taxonomy":"category","embeddable":true,"href":"https:\/\/www.loeffler.lu\/fr\/wp-json\/wp\/v2\/categories?post=3989"},{"taxonomy":"post_tag","embeddable":true,"href":"https:\/\/www.loeffler.lu\/fr\/wp-json\/wp\/v2\/tags?post=3989"}],"curies":[{"name":"wp","href":"https:\/\/api.w.org\/{rel}","templated":true}]}}